{"id":4367,"date":"2021-03-29T16:20:16","date_gmt":"2021-03-29T14:20:16","guid":{"rendered":"http:\/\/www.federnleicht.de\/blog\/?p=4367"},"modified":"2022-01-12T18:04:17","modified_gmt":"2022-01-12T17:04:17","slug":"rahmen-karte-anleitung-und-inspirations-galerie","status":"publish","type":"post","link":"http:\/\/www.nicis-kreative-inspirationen.de\/blog\/2021\/03\/29\/rahmen-karte-anleitung-und-inspirations-galerie\/","title":{"rendered":"Rahmen-Karte &#8211; Anleitung und Inspirations-Galerie"},"content":{"rendered":"\n<p>Meine Lieben,<\/p>\n\n\n\n<p>heute habe ich euch ganz zauberhafte Karten mitgebracht. Entstanden beim letzen Online Bastel-Treff via Zoom mit fantastischen M\u00e4dels und wieder jede Menge Spa\u00df habe ich f\u00fcr euch nun auch die Video-Anleitung und hier einige Gestaltungsideen zur Inspiration f\u00fcr euch.<\/p>\n\n\n\n<p>F\u00fcr  meine Karten habe ich mit dem Produktpaket &#8222;Fl\u00fcgel voller Fantasie&#8220; und dem Designerpapier &#8222;Kunstvoll Floral&#8220; gewerkelt.<\/p>\n\n\n\n<p>Als Grundkarte habe ich die Farben Kirschbl\u00fcte, Merlotrot und Ziegelrot ausgesucht. F\u00fcr eine Karte habe ich mit dem leider nicht mehr erh\u00e4ltlichen DSP &#8222;Schmetterlingsschmuck&#8220; gearbeitet. Ein passender Spruch aus dem Stempelset &#8222;Hurra&#8220; und farblich passenden B\u00e4ndern runden diese Karten ab.<\/p>\n\n\n\n<div class=\"wp-block-jetpack-tiled-gallery aligncenter is-style-rectangular\"><div class=\"tiled-gallery__gallery\"><div class=\"tiled-gallery__row\"><div class=\"tiled-gallery__col\" style=\"flex-basis:33.333333333333336%\"><figure class=\"tiled-gallery__item\"><img srcset=\"https:\/\/i2.wp.com\/www.federnleicht.de\/blog\/wp-content\/uploads\/2021\/03\/20210329_155116.jpg?strip=info&#038;w=600 600w,https:\/\/i2.wp.com\/www.federnleicht.de\/blog\/wp-content\/uploads\/2021\/03\/20210329_155116.jpg?strip=info&#038;w=900 900w,https:\/\/i2.wp.com\/www.federnleicht.de\/blog\/wp-content\/uploads\/2021\/03\/20210329_155116.jpg?strip=info&#038;w=1200 1200w,https:\/\/i2.wp.com\/www.federnleicht.de\/blog\/wp-content\/uploads\/2021\/03\/20210329_155116.jpg?strip=info&#038;w=1500 1500w,https:\/\/i2.wp.com\/www.federnleicht.de\/blog\/wp-content\/uploads\/2021\/03\/20210329_155116.jpg?strip=info&#038;w=1800 1800w,https:\/\/i2.wp.com\/www.federnleicht.de\/blog\/wp-content\/uploads\/2021\/03\/20210329_155116.jpg?strip=info&#038;w=2000 2000w\" alt=\"\" data-height=\"1440\" data-id=\"4377\" data-link=\"http:\/\/www.federnleicht.de\/blog\/?attachment_id=4377\" data-url=\"http:\/\/www.federnleicht.de\/blog\/wp-content\/uploads\/2021\/03\/20210329_155116.jpg\" data-width=\"2560\" src=\"https:\/\/i2.wp.com\/www.federnleicht.de\/blog\/wp-content\/uploads\/2021\/03\/20210329_155116.jpg\" data-amp-layout=\"responsive\"\/><\/figure><\/div><div class=\"tiled-gallery__col\" style=\"flex-basis:33.333333333333336%\"><figure class=\"tiled-gallery__item\"><img srcset=\"https:\/\/i0.wp.com\/www.federnleicht.de\/blog\/wp-content\/uploads\/2021\/03\/20210329_155134.jpg?strip=info&#038;w=600 600w,https:\/\/i0.wp.com\/www.federnleicht.de\/blog\/wp-content\/uploads\/2021\/03\/20210329_155134.jpg?strip=info&#038;w=900 900w,https:\/\/i0.wp.com\/www.federnleicht.de\/blog\/wp-content\/uploads\/2021\/03\/20210329_155134.jpg?strip=info&#038;w=1200 1200w,https:\/\/i0.wp.com\/www.federnleicht.de\/blog\/wp-content\/uploads\/2021\/03\/20210329_155134.jpg?strip=info&#038;w=1500 1500w,https:\/\/i0.wp.com\/www.federnleicht.de\/blog\/wp-content\/uploads\/2021\/03\/20210329_155134.jpg?strip=info&#038;w=1800 1800w,https:\/\/i0.wp.com\/www.federnleicht.de\/blog\/wp-content\/uploads\/2021\/03\/20210329_155134.jpg?strip=info&#038;w=2000 2000w\" alt=\"\" data-height=\"1440\" data-id=\"4378\" data-link=\"http:\/\/www.federnleicht.de\/blog\/?attachment_id=4378\" data-url=\"http:\/\/www.federnleicht.de\/blog\/wp-content\/uploads\/2021\/03\/20210329_155134.jpg\" data-width=\"2560\" src=\"https:\/\/i0.wp.com\/www.federnleicht.de\/blog\/wp-content\/uploads\/2021\/03\/20210329_155134.jpg\" data-amp-layout=\"responsive\"\/><\/figure><\/div><div class=\"tiled-gallery__col\" style=\"flex-basis:33.333333333333336%\"><figure class=\"tiled-gallery__item\"><img srcset=\"https:\/\/i1.wp.com\/www.federnleicht.de\/blog\/wp-content\/uploads\/2021\/03\/20210329_155158.jpg?strip=info&#038;w=600 600w,https:\/\/i1.wp.com\/www.federnleicht.de\/blog\/wp-content\/uploads\/2021\/03\/20210329_155158.jpg?strip=info&#038;w=900 900w,https:\/\/i1.wp.com\/www.federnleicht.de\/blog\/wp-content\/uploads\/2021\/03\/20210329_155158.jpg?strip=info&#038;w=1200 1200w,https:\/\/i1.wp.com\/www.federnleicht.de\/blog\/wp-content\/uploads\/2021\/03\/20210329_155158.jpg?strip=info&#038;w=1500 1500w,https:\/\/i1.wp.com\/www.federnleicht.de\/blog\/wp-content\/uploads\/2021\/03\/20210329_155158.jpg?strip=info&#038;w=1800 1800w,https:\/\/i1.wp.com\/www.federnleicht.de\/blog\/wp-content\/uploads\/2021\/03\/20210329_155158.jpg?strip=info&#038;w=2000 2000w\" alt=\"\" data-height=\"1440\" data-id=\"4379\" data-link=\"http:\/\/www.federnleicht.de\/blog\/?attachment_id=4379\" data-url=\"http:\/\/www.federnleicht.de\/blog\/wp-content\/uploads\/2021\/03\/20210329_155158.jpg\" data-width=\"2560\" src=\"https:\/\/i1.wp.com\/www.federnleicht.de\/blog\/wp-content\/uploads\/2021\/03\/20210329_155158.jpg\" data-amp-layout=\"responsive\"\/><\/figure><\/div><\/div><\/div><\/div>\n\n\n\n<p>Ma\u00dfe f\u00fcr die Karte:<\/p>\n\n\n\n<ul><li>Grundkarte zuschneiden auf 29,00 cm x 14,5 cm und falzen bei 14,5<\/li><li>Mattung 1 &#8211; Zwei mal zuschneiden auf 14 x 14 cm<\/li><li>Mattung 2 &#8211; einmal zuschneiden auf 13 x 13 cm<\/li><li>Mattung 3 &#8211; zuschneiden auf 15 x 15 cm und nach Video-Anleitung falzen<\/li><\/ul>\n\n\n\n<p>Folgende Arbeitsmittel und Verbrauchsmaterialien ben\u00f6tigst du dazu:<\/p>\n\n\n\n<ul><li>Papierschneider<\/li><li>Falzbein<\/li><li>Fl\u00fcssigkleber oder Abrei\u00dfklebeband<\/li><li>Dimentionals und Gluedots<\/li><li>Stamparatus<\/li><li>Stempelreinigung und Reinigungstuch<\/li><\/ul>\n\n\n\n<p class=\"has-text-color\" style=\"color:#08455f\">Hast du Fragen zur Anleitung und\/oder zu den verwendeten Produkten oder m\u00f6chtest sie gern bestellen, dann schreib mir eine Nachricht an <strong>stempelliebe@federnleicht.de<\/strong> . Gern berate ich dich pers\u00f6nlich zu deiner Produktwahl.<\/p>\n\n\n\n<p>Und hier haben einige liebe M\u00e4dels aus unserem Zoom Treffen mir Bilder zur Verf\u00fcgung gestellt f\u00fcr die Inspirations-Galerie.<\/p>\n\n\n\n<div class=\"wp-block-jetpack-tiled-gallery aligncenter is-style-rectangular\"><div class=\"tiled-gallery__gallery\"><div class=\"tiled-gallery__row\"><div class=\"tiled-gallery__col\" style=\"flex-basis:42.74119654684134%\"><figure class=\"tiled-gallery__item\"><img srcset=\"https:\/\/i2.wp.com\/www.federnleicht.de\/blog\/wp-content\/uploads\/2021\/03\/Anja.jpg?strip=info&#038;w=600 600w,https:\/\/i2.wp.com\/www.federnleicht.de\/blog\/wp-content\/uploads\/2021\/03\/Anja.jpg?strip=info&#038;w=689 689w\" alt=\"\" data-height=\"529\" data-id=\"4368\" data-link=\"http:\/\/www.federnleicht.de\/blog\/?attachment_id=4368\" data-url=\"http:\/\/www.federnleicht.de\/blog\/wp-content\/uploads\/2021\/03\/Anja.jpg\" data-width=\"689\" src=\"https:\/\/i2.wp.com\/www.federnleicht.de\/blog\/wp-content\/uploads\/2021\/03\/Anja.jpg\" data-amp-layout=\"responsive\"\/><\/figure><figure class=\"tiled-gallery__item\"><img srcset=\"https:\/\/i0.wp.com\/www.federnleicht.de\/blog\/wp-content\/uploads\/2021\/03\/Anke.jpg?strip=info&#038;w=600 600w,https:\/\/i0.wp.com\/www.federnleicht.de\/blog\/wp-content\/uploads\/2021\/03\/Anke.jpg?strip=info&#038;w=714 714w\" alt=\"\" data-height=\"699\" data-id=\"4369\" data-link=\"http:\/\/www.federnleicht.de\/blog\/?attachment_id=4369\" data-url=\"http:\/\/www.federnleicht.de\/blog\/wp-content\/uploads\/2021\/03\/Anke.jpg\" data-width=\"714\" src=\"https:\/\/i0.wp.com\/www.federnleicht.de\/blog\/wp-content\/uploads\/2021\/03\/Anke.jpg\" data-amp-layout=\"responsive\"\/><\/figure><\/div><div class=\"tiled-gallery__col\" style=\"flex-basis:57.25880345315867%\"><figure class=\"tiled-gallery__item\"><img srcset=\"https:\/\/i0.wp.com\/www.federnleicht.de\/blog\/wp-content\/uploads\/2021\/03\/Anne.jpg?strip=info&#038;w=600 600w,https:\/\/i0.wp.com\/www.federnleicht.de\/blog\/wp-content\/uploads\/2021\/03\/Anne.jpg?strip=info&#038;w=712 712w\" alt=\"\" data-height=\"933\" data-id=\"4370\" data-link=\"http:\/\/www.federnleicht.de\/blog\/?attachment_id=4370\" data-url=\"http:\/\/www.federnleicht.de\/blog\/wp-content\/uploads\/2021\/03\/Anne.jpg\" data-width=\"712\" src=\"https:\/\/i0.wp.com\/www.federnleicht.de\/blog\/wp-content\/uploads\/2021\/03\/Anne.jpg\" data-amp-layout=\"responsive\"\/><\/figure><\/div><\/div><div class=\"tiled-gallery__row\"><div class=\"tiled-gallery__col\" style=\"flex-basis:23.79826294626348%\"><figure class=\"tiled-gallery__item\"><img srcset=\"https:\/\/i0.wp.com\/www.federnleicht.de\/blog\/wp-content\/uploads\/2021\/03\/Heidrun.jpg?strip=info&#038;w=600 600w,https:\/\/i0.wp.com\/www.federnleicht.de\/blog\/wp-content\/uploads\/2021\/03\/Heidrun.jpg?strip=info&#038;w=709 709w\" alt=\"\" data-height=\"928\" data-id=\"4371\" data-link=\"http:\/\/www.federnleicht.de\/blog\/?attachment_id=4371\" data-url=\"http:\/\/www.federnleicht.de\/blog\/wp-content\/uploads\/2021\/03\/Heidrun.jpg\" data-width=\"709\" src=\"https:\/\/i0.wp.com\/www.federnleicht.de\/blog\/wp-content\/uploads\/2021\/03\/Heidrun.jpg\" data-amp-layout=\"responsive\"\/><\/figure><\/div><div class=\"tiled-gallery__col\" style=\"flex-basis:30.216693681016626%\"><figure class=\"tiled-gallery__item\"><img srcset=\"https:\/\/i1.wp.com\/www.federnleicht.de\/blog\/wp-content\/uploads\/2021\/03\/Karina.jpg?strip=info&#038;w=600 600w,https:\/\/i1.wp.com\/www.federnleicht.de\/blog\/wp-content\/uploads\/2021\/03\/Karina.jpg?strip=info&#038;w=701 701w\" alt=\"\" data-height=\"722\" data-id=\"4372\" data-link=\"http:\/\/www.federnleicht.de\/blog\/?attachment_id=4372\" data-url=\"http:\/\/www.federnleicht.de\/blog\/wp-content\/uploads\/2021\/03\/Karina.jpg\" data-width=\"701\" src=\"https:\/\/i1.wp.com\/www.federnleicht.de\/blog\/wp-content\/uploads\/2021\/03\/Karina.jpg\" data-amp-layout=\"responsive\"\/><\/figure><\/div><div class=\"tiled-gallery__col\" style=\"flex-basis:23.363700507567724%\"><figure class=\"tiled-gallery__item\"><img srcset=\"https:\/\/i0.wp.com\/www.federnleicht.de\/blog\/wp-content\/uploads\/2021\/03\/Mandy-scaled.jpeg?strip=info&#038;w=600 600w,https:\/\/i0.wp.com\/www.federnleicht.de\/blog\/wp-content\/uploads\/2021\/03\/Mandy-scaled.jpeg?strip=info&#038;w=900 900w,https:\/\/i0.wp.com\/www.federnleicht.de\/blog\/wp-content\/uploads\/2021\/03\/Mandy-scaled.jpeg?strip=info&#038;w=1200 1200w,https:\/\/i0.wp.com\/www.federnleicht.de\/blog\/wp-content\/uploads\/2021\/03\/Mandy-scaled.jpeg?strip=info&#038;w=1500 1500w,https:\/\/i0.wp.com\/www.federnleicht.de\/blog\/wp-content\/uploads\/2021\/03\/Mandy-scaled.jpeg?strip=info&#038;w=1800 1800w,https:\/\/i0.wp.com\/www.federnleicht.de\/blog\/wp-content\/uploads\/2021\/03\/Mandy-scaled.jpeg?strip=info&#038;w=1920 1920w\" alt=\"\" data-height=\"2560\" data-id=\"4373\" data-link=\"http:\/\/www.federnleicht.de\/blog\/?attachment_id=4373\" data-url=\"http:\/\/www.federnleicht.de\/blog\/wp-content\/uploads\/2021\/03\/Mandy-scaled.jpeg\" data-width=\"1920\" src=\"https:\/\/i0.wp.com\/www.federnleicht.de\/blog\/wp-content\/uploads\/2021\/03\/Mandy-scaled.jpeg\" data-amp-layout=\"responsive\"\/><\/figure><\/div><div class=\"tiled-gallery__col\" style=\"flex-basis:22.621342865152158%\"><figure class=\"tiled-gallery__item\"><img srcset=\"https:\/\/i1.wp.com\/www.federnleicht.de\/blog\/wp-content\/uploads\/2021\/03\/Rebekka.jpg?strip=info&#038;w=600 600w,https:\/\/i1.wp.com\/www.federnleicht.de\/blog\/wp-content\/uploads\/2021\/03\/Rebekka.jpg?strip=info&#038;w=713 713w\" alt=\"\" data-height=\"982\" data-id=\"4374\" data-link=\"http:\/\/www.federnleicht.de\/blog\/?attachment_id=4374\" data-url=\"http:\/\/www.federnleicht.de\/blog\/wp-content\/uploads\/2021\/03\/Rebekka.jpg\" data-width=\"713\" src=\"https:\/\/i1.wp.com\/www.federnleicht.de\/blog\/wp-content\/uploads\/2021\/03\/Rebekka.jpg\" data-amp-layout=\"responsive\"\/><\/figure><\/div><\/div><div class=\"tiled-gallery__row\"><div class=\"tiled-gallery__col\" style=\"flex-basis:50.03848848154667%\"><figure class=\"tiled-gallery__item\"><img srcset=\"https:\/\/i2.wp.com\/www.federnleicht.de\/blog\/wp-content\/uploads\/2021\/03\/Sabine-scaled.jpeg?strip=info&#038;w=600 600w,https:\/\/i2.wp.com\/www.federnleicht.de\/blog\/wp-content\/uploads\/2021\/03\/Sabine-scaled.jpeg?strip=info&#038;w=900 900w,https:\/\/i2.wp.com\/www.federnleicht.de\/blog\/wp-content\/uploads\/2021\/03\/Sabine-scaled.jpeg?strip=info&#038;w=1200 1200w,https:\/\/i2.wp.com\/www.federnleicht.de\/blog\/wp-content\/uploads\/2021\/03\/Sabine-scaled.jpeg?strip=info&#038;w=1500 1500w,https:\/\/i2.wp.com\/www.federnleicht.de\/blog\/wp-content\/uploads\/2021\/03\/Sabine-scaled.jpeg?strip=info&#038;w=1800 1800w,https:\/\/i2.wp.com\/www.federnleicht.de\/blog\/wp-content\/uploads\/2021\/03\/Sabine-scaled.jpeg?strip=info&#038;w=1913 1913w\" alt=\"\" data-height=\"2560\" data-id=\"4375\" data-link=\"http:\/\/www.federnleicht.de\/blog\/?attachment_id=4375\" data-url=\"http:\/\/www.federnleicht.de\/blog\/wp-content\/uploads\/2021\/03\/Sabine-scaled.jpeg\" data-width=\"1913\" src=\"https:\/\/i2.wp.com\/www.federnleicht.de\/blog\/wp-content\/uploads\/2021\/03\/Sabine-scaled.jpeg\" data-amp-layout=\"responsive\"\/><\/figure><\/div><div class=\"tiled-gallery__col\" style=\"flex-basis:49.96151151845333%\"><figure class=\"tiled-gallery__item\"><img srcset=\"https:\/\/i0.wp.com\/www.federnleicht.de\/blog\/wp-content\/uploads\/2021\/03\/Sigrun.jpg?strip=info&#038;w=600 600w,https:\/\/i0.wp.com\/www.federnleicht.de\/blog\/wp-content\/uploads\/2021\/03\/Sigrun.jpg?strip=info&#038;w=720 720w\" alt=\"\" data-height=\"965\" data-id=\"4376\" data-link=\"http:\/\/www.federnleicht.de\/blog\/?attachment_id=4376\" data-url=\"http:\/\/www.federnleicht.de\/blog\/wp-content\/uploads\/2021\/03\/Sigrun.jpg\" data-width=\"720\" src=\"https:\/\/i0.wp.com\/www.federnleicht.de\/blog\/wp-content\/uploads\/2021\/03\/Sigrun.jpg\" data-amp-layout=\"responsive\"\/><\/figure><\/div><\/div><\/div><\/div>\n\n\n\n<p>Wenn du jetzt Lust hast, diese Karte nachzubasteln, schau dir mein Video dazu an. Hinterlass auch gern einen kleinen Kommentar oder schick mir dein Bild von deiner Idee dazu f\u00fcr die Inspirations-Galerie.<\/p>\n\n\n\n<figure class=\"wp-block-embed is-type-video is-provider-youtube wp-block-embed-youtube wp-embed-aspect-16-9 wp-has-aspect-ratio\"><div class=\"wp-block-embed__wrapper\">\n<div class=\"jetpack-video-wrapper\"><iframe loading=\"lazy\" title=\"Rahmen-Karte - Butterfly Briliance trift  Kunstvoll Floral\" width=\"925\" height=\"520\" src=\"https:\/\/www.youtube.com\/embed\/CqRB2c180ZY?feature=oembed\" frameborder=\"0\" allow=\"accelerometer; autoplay; clipboard-write; encrypted-media; gyroscope; picture-in-picture\" allowfullscreen><\/iframe><\/div>\n<\/div><\/figure>\n\n\n\n<p>Viel Freude mit dem Video und eine kreative Zeit<\/p>\n\n\n\n<p>Nicole<\/p>\n\n\n\n<p class=\"has-text-align-center has-background\" style=\"background-color:#cae4f3\"><strong>JETZT !!! schon den neuen Jahres-Hauptkatalog 2021\/2022 bei mir vorbestellen unter 0151-56427132 oder per E-Mail ( stempelliebe@federnleicht.de )<\/strong><\/p>\n\n\n\n<h4 class=\"has-text-align-center\"><strong>Gefallen dir meine Ideen?<\/strong><\/h4>\n\n\n\n<p class=\"has-text-align-center\">Dann freue ich mich, wenn du meine Arbeit unterst\u00fctzen m\u00f6chtest und deine Materialien und Produkte bei mir bestellst. Schreib mir einfach eine Nachricht mit deinen W\u00fcnschen ( <a href=\"mailto:stempelliebe@federnleicht.de\" target=\"_blank\" rel=\"noreferrer noopener\">stempelliebe@federnleicht.de<\/a> ) oder besuche mich in meinem Online-Shop unter<\/p>\n\n\n\n<div class=\"wp-block-image is-style-rounded\"><figure class=\"aligncenter is-resized\"><a href=\"https:\/\/nicoleeisfeld.stampinup.net\/\" target=\"_blank\" rel=\"noreferrer noopener\"><img loading=\"lazy\" src=\"http:\/\/www.federnleicht.de\/blog\/wp-content\/uploads\/2020\/12\/2.png\" alt=\"\" class=\"wp-image-3987\" width=\"245\" height=\"245\" srcset=\"http:\/\/www.nicis-kreative-inspirationen.de\/blog\/wp-content\/uploads\/2020\/12\/2.png 500w, http:\/\/www.nicis-kreative-inspirationen.de\/blog\/wp-content\/uploads\/2020\/12\/2-300x300.png 300w, http:\/\/www.nicis-kreative-inspirationen.de\/blog\/wp-content\/uploads\/2020\/12\/2-150x150.png 150w, http:\/\/www.nicis-kreative-inspirationen.de\/blog\/wp-content\/uploads\/2020\/12\/2-60x60.png 60w, http:\/\/www.nicis-kreative-inspirationen.de\/blog\/wp-content\/uploads\/2020\/12\/2-250x250.png 250w\" sizes=\"(max-width: 245px) 100vw, 245px\" \/><\/a><\/figure><\/div>\n\n\n\n<h4 class=\"has-text-align-center\"><strong>Daf\u00fcr sage ich dir von Herzen Danke<\/strong> !<\/h4>\n\n\n\n<p class=\"has-text-align-center\">Bist du gern kreativ und m\u00f6chtest gern mit mir im <strong>Team \u201eStempelliebe\u201c<\/strong> als mein(e) <strong>Team-Partner(in)<\/strong> gemeinsam aktiv sein? Dann freue ich mich auf <strong><a rel=\"noreferrer noopener\" href=\"http:\/\/www.federnleicht.de\/blog\/kontakt\/\" target=\"_blank\">deine Nachricht<\/a><\/strong>.<\/p>\n\n\n\n<div class=\"wp-block-image is-style-rounded\"><figure class=\"aligncenter is-resized\"><a href=\"http:\/\/www.federnleicht.de\/blog\/mein-team\/\"><img loading=\"lazy\" src=\"http:\/\/www.federnleicht.de\/blog\/wp-content\/uploads\/2020\/12\/3.png\" alt=\"\" class=\"wp-image-3988\" width=\"245\" height=\"245\" srcset=\"http:\/\/www.nicis-kreative-inspirationen.de\/blog\/wp-content\/uploads\/2020\/12\/3.png 500w, http:\/\/www.nicis-kreative-inspirationen.de\/blog\/wp-content\/uploads\/2020\/12\/3-300x300.png 300w, http:\/\/www.nicis-kreative-inspirationen.de\/blog\/wp-content\/uploads\/2020\/12\/3-150x150.png 150w, http:\/\/www.nicis-kreative-inspirationen.de\/blog\/wp-content\/uploads\/2020\/12\/3-60x60.png 60w, http:\/\/www.nicis-kreative-inspirationen.de\/blog\/wp-content\/uploads\/2020\/12\/3-250x250.png 250w\" sizes=\"(max-width: 245px) 100vw, 245px\" \/><\/a><\/figure><\/div>\n\n\n\n<p><\/p>\n","protected":false},"excerpt":{"rendered":"<p>Meine Lieben, heute habe ich euch ganz zauberhafte Karten mitgebracht. Entstanden beim letzen Online Bastel-Treff via Zoom mit fantastischen M\u00e4dels und wieder jede Menge Spa\u00df habe ich f\u00fcr euch nun auch die Video-Anleitung und hier einige Gestaltungsideen zur Inspiration f\u00fcr euch. F\u00fcr meine Karten habe ich mit dem Produktpaket &#8222;Fl\u00fcgel voller Fantasie&#8220; und dem Designerpapier &hellip; <\/p>\n","protected":false},"author":1,"featured_media":4380,"comment_status":"open","ping_status":"open","sticky":false,"template":"","format":"standard","meta":[],"categories":[323,384,375],"tags":[],"jetpack_featured_media_url":"http:\/\/www.nicis-kreative-inspirationen.de\/blog\/wp-content\/uploads\/2021\/03\/20210329_155051.jpg","_links":{"self":[{"href":"http:\/\/www.nicis-kreative-inspirationen.de\/blog\/wp-json\/wp\/v2\/posts\/4367"}],"collection":[{"href":"http:\/\/www.nicis-kreative-inspirationen.de\/blog\/wp-json\/wp\/v2\/posts"}],"about":[{"href":"http:\/\/www.nicis-kreative-inspirationen.de\/blog\/wp-json\/wp\/v2\/types\/post"}],"author":[{"embeddable":true,"href":"http:\/\/www.nicis-kreative-inspirationen.de\/blog\/wp-json\/wp\/v2\/users\/1"}],"replies":[{"embeddable":true,"href":"http:\/\/www.nicis-kreative-inspirationen.de\/blog\/wp-json\/wp\/v2\/comments?post=4367"}],"version-history":[{"count":3,"href":"http:\/\/www.nicis-kreative-inspirationen.de\/blog\/wp-json\/wp\/v2\/posts\/4367\/revisions"}],"predecessor-version":[{"id":7471,"href":"http:\/\/www.nicis-kreative-inspirationen.de\/blog\/wp-json\/wp\/v2\/posts\/4367\/revisions\/7471"}],"wp:featuredmedia":[{"embeddable":true,"href":"http:\/\/www.nicis-kreative-inspirationen.de\/blog\/wp-json\/wp\/v2\/media\/4380"}],"wp:attachment":[{"href":"http:\/\/www.nicis-kreative-inspirationen.de\/blog\/wp-json\/wp\/v2\/media?parent=4367"}],"wp:term":[{"taxonomy":"category","embeddable":true,"href":"http:\/\/www.nicis-kreative-inspirationen.de\/blog\/wp-json\/wp\/v2\/categories?post=4367"},{"taxonomy":"post_tag","embeddable":true,"href":"http:\/\/www.nicis-kreative-inspirationen.de\/blog\/wp-json\/wp\/v2\/tags?post=4367"}],"curies":[{"name":"wp","href":"https:\/\/api.w.org\/{rel}","templated":true}]}}